{"id":988,"date":"2023-01-09T19:29:58","date_gmt":"2023-01-09T19:29:58","guid":{"rendered":"https:\/\/www.artisticamaniago.it\/?p=988"},"modified":"2024-03-05T16:08:54","modified_gmt":"2024-03-05T16:08:54","slug":"la-mia-istrie-e-i-magredi-a-trieste","status":"publish","type":"post","link":"https:\/\/www.artisticamaniago.it\/?p=988","title":{"rendered":"&#8220;LA MIA ISTRIA E I MAGREDI&#8221; A TRIESTE"},"content":{"rendered":"\t\t<div data-elementor-type=\"wp-post\" data-elementor-id=\"988\" class=\"elementor elementor-988\">\n\t\t\t\t\t\t<section class=\"elementor-section elementor-top-section elementor-element elementor-element-f1a20bf elementor-section-boxed elementor-section-height-default elementor-section-height-default\" data-id=\"f1a20bf\" data-element_type=\"section\" data-e-type=\"section\">\n\t\t\t\t\t\t<div class=\"elementor-container elementor-column-gap-default\">\n\t\t\t\t\t<div class=\"elementor-column elementor-col-100 elementor-top-column elementor-element elementor-element-a0de04c\" data-id=\"a0de04c\" data-element_type=\"column\" data-e-type=\"column\">\n\t\t\t<div class=\"elementor-widget-wrap elementor-element-populated\">\n\t\t\t\t\t\t<div class=\"elementor-element elementor-element-98ca94a elementor-widget elementor-widget-image\" data-id=\"98ca94a\" data-element_type=\"widget\" data-e-type=\"widget\" data-widget_type=\"image.default\">\n\t\t\t\t<div class=\"elementor-widget-container\">\n\t\t\t\t\t\t\t\t\t\t\t\t\t\t\t<img fetchpriority=\"high\" decoding=\"async\" width=\"561\" height=\"792\" src=\"https:\/\/www.artisticamaniago.it\/wp-content\/uploads\/2023\/01\/Immagine-WhatsApp-2022-12-12-ore-20.56.12.jpg\" class=\"attachment-medium_large size-medium_large wp-image-1006\" alt=\"\" srcset=\"https:\/\/www.artisticamaniago.it\/wp-content\/uploads\/2023\/01\/Immagine-WhatsApp-2022-12-12-ore-20.56.12.jpg 561w, https:\/\/www.artisticamaniago.it\/wp-content\/uploads\/2023\/01\/Immagine-WhatsApp-2022-12-12-ore-20.56.12-213x300.jpg 213w\" sizes=\"(max-width: 561px) 100vw, 561px\" \/>\t\t\t\t\t\t\t\t\t\t\t\t\t\t\t<\/div>\n\t\t\t\t<\/div>\n\t\t\t\t<div class=\"elementor-element elementor-element-9aba438 elementor-widget elementor-widget-text-editor\" data-id=\"9aba438\" data-element_type=\"widget\" data-e-type=\"widget\" data-widget_type=\"text-editor.default\">\n\t\t\t\t<div class=\"elementor-widget-container\">\n\t\t\t\t\t\t\t\t\t<p>L&#8217;associazione &#8220;l&#8217;Artistica&#8221; di Maniago \u00e8 molto orgogliosa nel segnalare che la mostra &#8220;La mia Istria e i Magredi&#8221; \u00e8 stata ospitata presso il Palazzo del Consiglio Regionale della regione Autonoma Friuli Venezia-Giulia a Trieste. Questa prestigiosa occasione \u00e8 motivo di grande orgoglio per la nostra associazione, che \u00e8 riuscita a portare le opere dei suoi soci, dopo Frisanco, Vivaro, Maniago ed Arba, anche sulle sponde dell&#8217;Adriatico che uniscono la nostra bella Regione alla penisola Istriana.<\/p><p>Segue l&#8217;articolo comparso sul sito della Regione Autonoma Friuli Venezia-Giulia il 13.12.2022:<\/p><p>Trieste, 13 dic &#8211; &#8220;Terre aspre e al contempo accoglienti: quello che pu\u00f2 sembrare un avventato ossimoro \u00e8, in realt\u00e0, la saggia descrizione di Istria e Magredi che troviamo raffigurata nelle opere racchiuse nel progetto dell&#8217;associazione L&#8217;Artistica di Maniago e che il Consiglio regionale si appresta ad esporre al secondo piano, a disposizione del pubblico&#8221;.<\/p><p>Cos\u00ec il presidente dell&#8217;Aula Fvg, Piero Mauro Zanin, ha accolto l&#8217;inaugurazione della mostra itinerante &#8220;La mia Istria e i Magredi&#8221;, che l&#8217;associazione maniaghese presieduta da Emma Giacomello sta portando in giro per la Pedemontana e ora anche nel capoluogo giuliano, inserita nel progetto &#8220;Nelle terre magre, passato e presente dell&#8217;esodo istriano a Dandolo&#8221;, sostenuto anche da finanziamento regionale.<\/p><p>&#8220;La connessione, attraverso l&#8217;arte, dell&#8217;esodo prima e dell&#8217;integrazione poi \u00e8 di forte impatto e dimostra che in particolare la pittura \u00e8 capace di redimere e sanare tante difficolt\u00e0&#8221;, ha sottolineato ancora Zanin.<\/p><p>&#8220;Sono passati 75 anni da un periodo tanto drammatico &#8211; ha detto la presidente Giacomello &#8211; e abbiamo desiderato far conoscere la storia dell&#8217;integrazione degli esuli istriani nel Maniaghese, a Dandolo in particolare, attraverso i lavori di Tiberio Giurissevich, esule lui stesso, tra i soci fondatori de L&#8217;Artistica e che firma la met\u00e0 del catalogo, e di altri 15 artisti, ciascuno con un lavoro eseguito spontaneamente sulla base di un proprio sentimento, poi messi insieme come in un racconto unico ed emozionante, che si srotola dai giorni felici dell&#8217;Istria a quelli del dramma e dell&#8217;esodo, sino ai duri Magredi, fonte per\u00f2 di nuova vita e nuovi colori&#8221;.<\/p><p>E che i colori non manchino nelle opere esposte \u00e8 stato evidenziato da Annamaria Poggioli, a cui \u00e8 stato affidato l&#8217;intervento critico della mostra, ma che da ex insegnante di storia e filosofia non ha mancato di far presente come, nei libri di scuola, questa pagina di dolore e vita sia stata &#8220;sottaciuta per tanto, troppo tempo, anche dalle istituzioni vergognosamente, ma che \u00e8 risalita in superfice grazie al Giorno del Ricordo che ora si celebra ogni 10 febbraio&#8221;.<\/p><p>&#8220;Questi sono paesaggi dell&#8217;anima&#8221;, ha detto la Poggioli parlando di pittura figurativa e, riferendosi a Giurissevich, &#8220;narrativa, dove il particolare non \u00e8 mai tralasciato, quasi che ometterne qualcuno sia depotenziare il messaggio che vuole trasmettere. Foibe, abbandoni, partenze e addii, sguardi inconsolabili e sperduti, oggetti di vita affettiva: questi, poi, i soggetti delle altre opere esposte, dove il fil rouge per tutti \u00e8 una grande potenza espressiva&#8221;.<\/p><p>L&#8217;assessore alla Cultura di Maniago, Anna Olivetto, ha infine reso noto che il progetto &#8220;Nelle terre magre&#8221; vedr\u00e0 l&#8217;epilogo il 12 febbraio prossimo, ancora a Trieste, nella chiesa di Santa Maria Maggiore, con uno spettacolo meditativo proposto dall&#8217;associazione Filarmonica.<\/p><p>\u00a0<\/p>\t\t\t\t\t\t\t\t<\/div>\n\t\t\t\t<\/div>\n\t\t\t\t\t<\/div>\n\t\t<\/div>\n\t\t\t\t\t<\/div>\n\t\t<\/section>\n\t\t\t\t<section class=\"elementor-section elementor-top-section elementor-element elementor-element-aeaa30b elementor-section-boxed elementor-section-height-default elementor-section-height-default\" data-id=\"aeaa30b\" data-element_type=\"section\" data-e-type=\"section\">\n\t\t\t\t\t\t<div class=\"elementor-container elementor-column-gap-default\">\n\t\t\t\t\t<div class=\"elementor-column elementor-col-100 elementor-top-column elementor-element elementor-element-c6875ee\" data-id=\"c6875ee\" data-element_type=\"column\" data-e-type=\"column\">\n\t\t\t<div class=\"elementor-widget-wrap elementor-element-populated\">\n\t\t\t\t\t\t<div class=\"elementor-element elementor-element-61ceac9 elementor-arrows-position-inside elementor-pagination-position-outside elementor-widget elementor-widget-image-carousel\" data-id=\"61ceac9\" data-element_type=\"widget\" data-e-type=\"widget\" data-settings=\"{&quot;navigation&quot;:&quot;both&quot;,&quot;autoplay&quot;:&quot;yes&quot;,&quot;pause_on_hover&quot;:&quot;yes&quot;,&quot;pause_on_interaction&quot;:&quot;yes&quot;,&quot;autoplay_speed&quot;:5000,&quot;infinite&quot;:&quot;yes&quot;,&quot;speed&quot;:500}\" data-widget_type=\"image-carousel.default\">\n\t\t\t\t<div class=\"elementor-widget-container\">\n\t\t\t\t\t\t\t<div class=\"elementor-image-carousel-wrapper swiper\" role=\"region\" aria-roledescription=\"carousel\" aria-label=\"Image Carousel\" dir=\"ltr\">\n\t\t\t<div class=\"elementor-image-carousel swiper-wrapper\" aria-live=\"off\">\n\t\t\t\t\t\t\t\t<div class=\"swiper-slide\" role=\"group\" aria-roledescription=\"slide\" aria-label=\"1 of 15\"><figure class=\"swiper-slide-inner\"><img decoding=\"async\" class=\"swiper-slide-image\" src=\"https:\/\/www.artisticamaniago.it\/wp-content\/uploads\/2023\/01\/IMG-20221215-WA0023-150x150.jpg\" alt=\"IMG-20221215-WA0023\" \/><\/figure><\/div><div class=\"swiper-slide\" role=\"group\" aria-roledescription=\"slide\" aria-label=\"2 of 15\"><figure class=\"swiper-slide-inner\"><img decoding=\"async\" class=\"swiper-slide-image\" src=\"https:\/\/www.artisticamaniago.it\/wp-content\/uploads\/2023\/01\/IMG-20221215-WA0027-150x150.jpg\" alt=\"IMG-20221215-WA0027\" \/><\/figure><\/div><div class=\"swiper-slide\" role=\"group\" aria-roledescription=\"slide\" aria-label=\"3 of 15\"><figure class=\"swiper-slide-inner\"><img decoding=\"async\" class=\"swiper-slide-image\" src=\"https:\/\/www.artisticamaniago.it\/wp-content\/uploads\/2023\/01\/IMG-20221215-WA0028-150x150.jpg\" alt=\"IMG-20221215-WA0028\" \/><\/figure><\/div><div class=\"swiper-slide\" role=\"group\" aria-roledescription=\"slide\" aria-label=\"4 of 15\"><figure class=\"swiper-slide-inner\"><img decoding=\"async\" class=\"swiper-slide-image\" src=\"https:\/\/www.artisticamaniago.it\/wp-content\/uploads\/2023\/01\/Immagine-WhatsApp-2022-12-14-ore-20.04.20-150x150.jpg\" alt=\"Immagine WhatsApp 2022-12-14 ore 20.04.20\" \/><\/figure><\/div><div class=\"swiper-slide\" role=\"group\" aria-roledescription=\"slide\" aria-label=\"5 of 15\"><figure class=\"swiper-slide-inner\"><img decoding=\"async\" class=\"swiper-slide-image\" src=\"https:\/\/www.artisticamaniago.it\/wp-content\/uploads\/2023\/01\/Immagine-WhatsApp-2022-12-14-ore-20.06.23-150x150.jpg\" alt=\"Immagine WhatsApp 2022-12-14 ore 20.06.23\" \/><\/figure><\/div><div class=\"swiper-slide\" role=\"group\" aria-roledescription=\"slide\" aria-label=\"6 of 15\"><figure class=\"swiper-slide-inner\"><img decoding=\"async\" class=\"swiper-slide-image\" src=\"https:\/\/www.artisticamaniago.it\/wp-content\/uploads\/2023\/01\/Immagine-WhatsApp-2022-12-14-ore-21.08.19-150x150.jpg\" alt=\"Immagine WhatsApp 2022-12-14 ore 21.08.19\" \/><\/figure><\/div><div class=\"swiper-slide\" role=\"group\" aria-roledescription=\"slide\" aria-label=\"7 of 15\"><figure class=\"swiper-slide-inner\"><img decoding=\"async\" class=\"swiper-slide-image\" src=\"https:\/\/www.artisticamaniago.it\/wp-content\/uploads\/2023\/01\/IMG-20221215-WA0013-150x150.jpg\" alt=\"IMG-20221215-WA0013\" \/><\/figure><\/div><div class=\"swiper-slide\" role=\"group\" aria-roledescription=\"slide\" aria-label=\"8 of 15\"><figure class=\"swiper-slide-inner\"><img decoding=\"async\" class=\"swiper-slide-image\" src=\"https:\/\/www.artisticamaniago.it\/wp-content\/uploads\/2023\/01\/IMG-20221215-WA0014-150x150.jpg\" alt=\"IMG-20221215-WA0014\" \/><\/figure><\/div><div class=\"swiper-slide\" role=\"group\" aria-roledescription=\"slide\" aria-label=\"9 of 15\"><figure class=\"swiper-slide-inner\"><img decoding=\"async\" class=\"swiper-slide-image\" src=\"https:\/\/www.artisticamaniago.it\/wp-content\/uploads\/2023\/01\/IMG-20221215-WA0016-150x150.jpg\" alt=\"IMG-20221215-WA0016\" \/><\/figure><\/div><div class=\"swiper-slide\" role=\"group\" aria-roledescription=\"slide\" aria-label=\"10 of 15\"><figure class=\"swiper-slide-inner\"><img decoding=\"async\" class=\"swiper-slide-image\" src=\"https:\/\/www.artisticamaniago.it\/wp-content\/uploads\/2023\/01\/IMG-20221215-WA0017-150x150.jpg\" alt=\"IMG-20221215-WA0017\" \/><\/figure><\/div><div class=\"swiper-slide\" role=\"group\" aria-roledescription=\"slide\" aria-label=\"11 of 15\"><figure class=\"swiper-slide-inner\"><img decoding=\"async\" class=\"swiper-slide-image\" src=\"https:\/\/www.artisticamaniago.it\/wp-content\/uploads\/2023\/01\/IMG-20221215-WA0018-150x150.jpg\" alt=\"IMG-20221215-WA0018\" \/><\/figure><\/div><div class=\"swiper-slide\" role=\"group\" aria-roledescription=\"slide\" aria-label=\"12 of 15\"><figure class=\"swiper-slide-inner\"><img decoding=\"async\" class=\"swiper-slide-image\" src=\"https:\/\/www.artisticamaniago.it\/wp-content\/uploads\/2023\/01\/IMG-20221215-WA0019-150x150.jpg\" alt=\"IMG-20221215-WA0019\" \/><\/figure><\/div><div class=\"swiper-slide\" role=\"group\" aria-roledescription=\"slide\" aria-label=\"13 of 15\"><figure class=\"swiper-slide-inner\"><img decoding=\"async\" class=\"swiper-slide-image\" src=\"https:\/\/www.artisticamaniago.it\/wp-content\/uploads\/2023\/01\/IMG-20221215-WA0020-150x150.jpg\" alt=\"IMG-20221215-WA0020\" \/><\/figure><\/div><div class=\"swiper-slide\" role=\"group\" aria-roledescription=\"slide\" aria-label=\"14 of 15\"><figure class=\"swiper-slide-inner\"><img decoding=\"async\" class=\"swiper-slide-image\" src=\"https:\/\/www.artisticamaniago.it\/wp-content\/uploads\/2023\/01\/IMG-20221215-WA0021-150x150.jpg\" alt=\"IMG-20221215-WA0021\" \/><\/figure><\/div><div class=\"swiper-slide\" role=\"group\" aria-roledescription=\"slide\" aria-label=\"15 of 15\"><figure class=\"swiper-slide-inner\"><img decoding=\"async\" class=\"swiper-slide-image\" src=\"https:\/\/www.artisticamaniago.it\/wp-content\/uploads\/2023\/01\/IMG-20221215-WA0022-150x150.jpg\" alt=\"IMG-20221215-WA0022\" \/><\/figure><\/div>\t\t\t<\/div>\n\t\t\t\t\t\t\t\t\t\t\t\t<div class=\"elementor-swiper-button elementor-swiper-button-prev\" role=\"button\" tabindex=\"0\">\n\t\t\t\t\t\t<i aria-hidden=\"true\" class=\"eicon-chevron-left\"><\/i>\t\t\t\t\t<\/div>\n\t\t\t\t\t<div class=\"elementor-swiper-button elementor-swiper-button-next\" role=\"button\" tabindex=\"0\">\n\t\t\t\t\t\t<i aria-hidden=\"true\" class=\"eicon-chevron-right\"><\/i>\t\t\t\t\t<\/div>\n\t\t\t\t\n\t\t\t\t\t\t\t\t\t<div class=\"swiper-pagination\"><\/div>\n\t\t\t\t\t\t\t\t\t<\/div>\n\t\t\t\t\t\t<\/div>\n\t\t\t\t<\/div>\n\t\t\t\t\t<\/div>\n\t\t<\/div>\n\t\t\t\t\t<\/div>\n\t\t<\/section>\n\t\t\t\t<\/div>\n\t\t","protected":false},"excerpt":{"rendered":"<p>L&#8217;associazione &#8220;l&#8217;Artistica&#8221; di Maniago \u00e8 molto orgogliosa nel segnalare che la mostra &#8220;La mia Istria e i Magredi&#8221; \u00e8 stata ospitata presso il Palazzo del Consiglio Regionale della regione Autonoma Friuli Venezia-Giulia a Trieste. Questa prestigiosa occasione \u00e8 motivo di grande orgoglio per la nostra associazione, che \u00e8 riuscita a portare le opere dei suoi [&hellip;]<\/p>\n","protected":false},"author":1,"featured_media":0,"comment_status":"closed","ping_status":"closed","sticky":false,"template":"","format":"standard","meta":{"_coblocks_attr":"","_coblocks_dimensions":"","_coblocks_responsive_height":"","_coblocks_accordion_ie_support":"","site-sidebar-layout":"default","site-content-layout":"","ast-site-content-layout":"default","site-content-style":"default","site-sidebar-style":"default","ast-global-header-display":"","ast-banner-title-visibility":"","ast-main-header-display":"","ast-hfb-above-header-display":"","ast-hfb-below-header-display":"","ast-hfb-mobile-header-display":"","site-post-title":"","ast-breadcrumbs-content":"","ast-featured-img":"","footer-sml-layout":"","ast-disable-related-posts":"","theme-transparent-header-meta":"","adv-header-id-meta":"","stick-header-meta":"","header-above-stick-meta":"","header-main-stick-meta":"","header-below-stick-meta":"","astra-migrate-meta-layouts":"default","ast-page-background-enabled":"default","ast-page-background-meta":{"desktop":{"background-color":"","background-image":"","background-repeat":"repeat","background-position":"center center","background-size":"auto","background-attachment":"scroll","background-type":"","background-media":"","overlay-type":"","overlay-color":"","overlay-opacity":"","overlay-gradient":""},"tablet":{"background-color":"","background-image":"","background-repeat":"repeat","background-position":"center center","background-size":"auto","background-attachment":"scroll","background-type":"","background-media":"","overlay-type":"","overlay-color":"","overlay-opacity":"","overlay-gradient":""},"mobile":{"background-color":"","background-image":"","background-repeat":"repeat","background-position":"center center","background-size":"auto","background-attachment":"scroll","background-type":"","background-media":"","overlay-type":"","overlay-color":"","overlay-opacity":"","overlay-gradient":""}},"ast-content-background-meta":{"desktop":{"background-color":"var(--ast-global-color-5)","background-image":"","background-repeat":"repeat","background-position":"center center","background-size":"auto","background-attachment":"scroll","background-type":"","background-media":"","overlay-type":"","overlay-color":"","overlay-opacity":"","overlay-gradient":""},"tablet":{"background-color":"var(--ast-global-color-5)","background-image":"","background-repeat":"repeat","background-position":"center center","background-size":"auto","background-attachment":"scroll","background-type":"","background-media":"","overlay-type":"","overlay-color":"","overlay-opacity":"","overlay-gradient":""},"mobile":{"background-color":"var(--ast-global-color-5)","background-image":"","background-repeat":"repeat","background-position":"center center","background-size":"auto","background-attachment":"scroll","background-type":"","background-media":"","overlay-type":"","overlay-color":"","overlay-opacity":"","overlay-gradient":""}},"footnotes":""},"categories":[9],"tags":[],"class_list":["post-988","post","type-post","status-publish","format-standard","hentry","category-news"],"_links":{"self":[{"href":"https:\/\/www.artisticamaniago.it\/index.php?rest_route=\/wp\/v2\/posts\/988","targetHints":{"allow":["GET"]}}],"collection":[{"href":"https:\/\/www.artisticamaniago.it\/index.php?rest_route=\/wp\/v2\/posts"}],"about":[{"href":"https:\/\/www.artisticamaniago.it\/index.php?rest_route=\/wp\/v2\/types\/post"}],"author":[{"embeddable":true,"href":"https:\/\/www.artisticamaniago.it\/index.php?rest_route=\/wp\/v2\/users\/1"}],"replies":[{"embeddable":true,"href":"https:\/\/www.artisticamaniago.it\/index.php?rest_route=%2Fwp%2Fv2%2Fcomments&post=988"}],"version-history":[{"count":8,"href":"https:\/\/www.artisticamaniago.it\/index.php?rest_route=\/wp\/v2\/posts\/988\/revisions"}],"predecessor-version":[{"id":1106,"href":"https:\/\/www.artisticamaniago.it\/index.php?rest_route=\/wp\/v2\/posts\/988\/revisions\/1106"}],"wp:attachment":[{"href":"https:\/\/www.artisticamaniago.it\/index.php?rest_route=%2Fwp%2Fv2%2Fmedia&parent=988"}],"wp:term":[{"taxonomy":"category","embeddable":true,"href":"https:\/\/www.artisticamaniago.it\/index.php?rest_route=%2Fwp%2Fv2%2Fcategories&post=988"},{"taxonomy":"post_tag","embeddable":true,"href":"https:\/\/www.artisticamaniago.it\/index.php?rest_route=%2Fwp%2Fv2%2Ftags&post=988"}],"curies":[{"name":"wp","href":"https:\/\/api.w.org\/{rel}","templated":true}]}}