{"id":1369,"date":"2025-07-31T15:15:58","date_gmt":"2025-07-31T15:15:58","guid":{"rendered":"https:\/\/www.artisticamaniago.it\/?p=1369"},"modified":"2025-07-31T15:37:46","modified_gmt":"2025-07-31T15:37:46","slug":"bellezza-imperfetta-mostra-personale-di-antonio-roman","status":"publish","type":"post","link":"https:\/\/www.artisticamaniago.it\/?p=1369","title":{"rendered":"BELLEZZA IMPERFETTA &#8211; MOSTRA PERSONALE DI ANTONIO ROMAN"},"content":{"rendered":"<p><img fetchpriority=\"high\" decoding=\"async\" width=\"744\" height=\"1024\" src=\"https:\/\/www.artisticamaniago.it\/wp-content\/uploads\/2025\/07\/roman-a3-744x1024.png\" alt=\"\" srcset=\"https:\/\/www.artisticamaniago.it\/wp-content\/uploads\/2025\/07\/roman-a3-744x1024.png 744w, https:\/\/www.artisticamaniago.it\/wp-content\/uploads\/2025\/07\/roman-a3-218x300.png 218w, https:\/\/www.artisticamaniago.it\/wp-content\/uploads\/2025\/07\/roman-a3-768x1056.png 768w, https:\/\/www.artisticamaniago.it\/wp-content\/uploads\/2025\/07\/roman-a3.png 908w\" sizes=\"(max-width: 744px) 100vw, 744px\" \/>\t\t\t\t\t\t\t\t\t\t\t\t\t\t\t<\/p>\n<p><b>BELLEZZA IMPERFETTA \u2013 La Mostra Personale di Antonio Roman<\/b><\/p>\n<p>\u00c8 con grande piacere che inauguriamo la mostra personale intitolata BELLEZZA IMPERFETTA, dell\u2019artista Antonio Roman che dal 1994 fa parte della nostra associazione, partecipando sempre alle nostre esposizioni e negli anni trascorsi contribuendo con passione a tenere dei corsi di disegno e pittura dal vero, questo gi\u00e0 da quando la nostra sede si trovava dietro il municipio di Maniago.<\/p>\n<p>Antonio \u00e8 ormai un caro amico e un protagonista della nostra comunit\u00e0 artistica, con un background ricco e affascinante, che si riflette nelle sue opere e nel suo modo di interpretare i vari soggetti da lui scelti.<\/p>\n<p>Ha avuto il privilegio di essere allievo di grandi maestri come Carlo Varese, Giancarlo Colli e Dimitri Plescan, e ha frequentato la scuola degli Artefici presso l\u2019Accademia delle Belle Arti di Brera, completando anche quattro anni della scuola di nudo dell\u2019Accademia stessa.<\/p>\n<p>Antonio Roman ha partecipato a molte mostre, manifestazioni artistiche ed ex-tempore, ricevendo importanti riconoscimenti da maestri e critici d\u2019arte. Oltre al disegno e alla pittura, egli si \u00e8 dedicato anche alla scultura, creando opere che testimoniano la sua versatilit\u00e0 e il suo talento poliedrico.<\/p>\n<p>Ad Antonio e ai suoi figli vogliamo esprimere un sentito ringraziamento per aver reso possibile questa originale mostra, che verr\u00e0 sicuramente molto apprezzata nel territorio, poich\u00e9 non ci permetter\u00e0 solo di scoprire e apprezzare ancor pi\u00f9 la sua arte, ma ci invita a trovare grandi valori e poesia anche nelle imperfezioni della vita e dell\u2019arte!<\/p>\n<p align=\"left\">Emma\u00a0 Giacomello<\/p>\n<p align=\"left\">ANTONIO ROMAN <b>L\u2019Arte nella Bellezza imperfetta<\/b><\/p>\n<p align=\"justify\">\u201cIl momento in cui disegno, dipingo o scolpisco \u00e8 per me il momento in cui cerco di esprimere tutto ci\u00f2 che sento, e spesso ammetto di essere incantato, ansioso, titubante e col fiato sospeso per la paura di non riuscire a trasferire quell\u2019affascinante emozione&#8230;\u201d Ecco come vive il suo fare arte Antonio Roman, ancora oggi dopo anni di produzione artistica copiosa, varia e articolata, frutto di un eclettismo che lo ha nobilitato: disegni, dipinti, sculture monumentali che ritraggono persone e personalit\u00e0 di elevato spessore etico. \u201cBellezza imperfetta\u201d raccoglie Studi di Figura relativamente al suo percorso dentro il mondo della ritrattistica e del nudo, ambito a lui caro, che richiama il suo vissuto, a Milano, alla Scuola degli Artefici dell\u2019Accademia di Belle Arti di Brera.<\/p>\n<p align=\"justify\">Le opere in mostra danno contezza della qualit\u00e0 della sua tecnica disegnativa fatta di segni, sciolti e sinuosi, che esaltano plasticamente i tanti ritratti di donne che l\u2019indagine introspettiva dell\u2019artista consente di mettere a nudo nei loro stati d\u2019animo pi\u00f9 intimi e complessi, non perfetti perch\u00e9 non stereotipati, patinati, ma soggettivi, individuali, tutti diversi, la cui lettura Roman conduce all\u2019insegna di una straordinaria discrezione e di una profonda sensibilit\u00e0.<\/p>\n<p align=\"justify\"> Prof. ssa Annamaria Poggioli<\/p>\n<figure><img decoding=\"async\" src=\"https:\/\/www.artisticamaniago.it\/wp-content\/uploads\/2025\/07\/IMG20250719112235-150x150.jpg\" alt=\"oplus_0\" \/><\/figure>\n<figure><img decoding=\"async\" src=\"https:\/\/www.artisticamaniago.it\/wp-content\/uploads\/2025\/07\/IMG20250719112257-150x150.jpg\" alt=\"oplus_32\" \/><\/figure>\n<figure><img decoding=\"async\" src=\"https:\/\/www.artisticamaniago.it\/wp-content\/uploads\/2025\/07\/IMG20250719112306-150x150.jpg\" alt=\"oplus_0\" \/><\/figure>\n<figure><img decoding=\"async\" src=\"https:\/\/www.artisticamaniago.it\/wp-content\/uploads\/2025\/07\/IMG20250719112347-150x150.jpg\" alt=\"oplus_0\" \/><\/figure>\n<figure><img decoding=\"async\" src=\"https:\/\/www.artisticamaniago.it\/wp-content\/uploads\/2025\/07\/IMG20250719112429-150x150.jpg\" alt=\"oplus_0\" \/><\/figure>\n<figure><img decoding=\"async\" src=\"https:\/\/www.artisticamaniago.it\/wp-content\/uploads\/2025\/07\/IMG20250719112509-150x150.jpg\" alt=\"oplus_32\" \/><\/figure>\n<figure><img decoding=\"async\" src=\"https:\/\/www.artisticamaniago.it\/wp-content\/uploads\/2025\/07\/IMG20250719112526-150x150.jpg\" alt=\"oplus_0\" \/><\/figure>\n<figure><img decoding=\"async\" src=\"https:\/\/www.artisticamaniago.it\/wp-content\/uploads\/2025\/07\/IMG20250719112137-150x150.jpg\" alt=\"oplus_0\" \/><\/figure>\n<figure><img decoding=\"async\" src=\"https:\/\/www.artisticamaniago.it\/wp-content\/uploads\/2025\/07\/IMG20250719112208-150x150.jpg\" alt=\"oplus_0\" \/><\/figure>\n<figure><img decoding=\"async\" src=\"https:\/\/www.artisticamaniago.it\/wp-content\/uploads\/2025\/07\/IMG20250719112222-150x150.jpg\" alt=\"oplus_0\" \/><\/figure>\n","protected":false},"excerpt":{"rendered":"<p>BELLEZZA IMPERFETTA \u2013 La Mostra Personale di Antonio Roman \u00c8 con grande piacere che inauguriamo la mostra personale intitolata BELLEZZA IMPERFETTA, dell\u2019artista Antonio Roman che dal 1994 fa parte della nostra associazione, partecipando sempre alle nostre esposizioni e negli anni trascorsi contribuendo con passione a tenere dei corsi di disegno e pittura dal vero, questo [&hellip;]<\/p>\n","protected":false},"author":1,"featured_media":0,"comment_status":"closed","ping_status":"open","sticky":false,"template":"","format":"standard","meta":{"_coblocks_attr":"","_coblocks_dimensions":"","_coblocks_responsive_height":"","_coblocks_accordion_ie_support":"","site-sidebar-layout":"default","site-content-layout":"","ast-site-content-layout":"default","site-content-style":"default","site-sidebar-style":"default","ast-global-header-display":"","ast-banner-title-visibility":"","ast-main-header-display":"","ast-hfb-above-header-display":"","ast-hfb-below-header-display":"","ast-hfb-mobile-header-display":"","site-post-title":"","ast-breadcrumbs-content":"","ast-featured-img":"","footer-sml-layout":"","ast-disable-related-posts":"","theme-transparent-header-meta":"","adv-header-id-meta":"","stick-header-meta":"","header-above-stick-meta":"","header-main-stick-meta":"","header-below-stick-meta":"","astra-migrate-meta-layouts":"set","ast-page-background-enabled":"default","ast-page-background-meta":{"desktop":{"background-color":"","background-image":"","background-repeat":"repeat","background-position":"center center","background-size":"auto","background-attachment":"scroll","background-type":"","background-media":"","overlay-type":"","overlay-color":"","overlay-opacity":"","overlay-gradient":""},"tablet":{"background-color":"","background-image":"","background-repeat":"repeat","background-position":"center center","background-size":"auto","background-attachment":"scroll","background-type":"","background-media":"","overlay-type":"","overlay-color":"","overlay-opacity":"","overlay-gradient":""},"mobile":{"background-color":"","background-image":"","background-repeat":"repeat","background-position":"center center","background-size":"auto","background-attachment":"scroll","background-type":"","background-media":"","overlay-type":"","overlay-color":"","overlay-opacity":"","overlay-gradient":""}},"ast-content-background-meta":{"desktop":{"background-color":"var(--ast-global-color-5)","background-image":"","background-repeat":"repeat","background-position":"center center","background-size":"auto","background-attachment":"scroll","background-type":"","background-media":"","overlay-type":"","overlay-color":"","overlay-opacity":"","overlay-gradient":""},"tablet":{"background-color":"var(--ast-global-color-5)","background-image":"","background-repeat":"repeat","background-position":"center center","background-size":"auto","background-attachment":"scroll","background-type":"","background-media":"","overlay-type":"","overlay-color":"","overlay-opacity":"","overlay-gradient":""},"mobile":{"background-color":"var(--ast-global-color-5)","background-image":"","background-repeat":"repeat","background-position":"center center","background-size":"auto","background-attachment":"scroll","background-type":"","background-media":"","overlay-type":"","overlay-color":"","overlay-opacity":"","overlay-gradient":""}},"footnotes":""},"categories":[9],"tags":[],"class_list":["post-1369","post","type-post","status-publish","format-standard","hentry","category-news"],"_links":{"self":[{"href":"https:\/\/www.artisticamaniago.it\/index.php?rest_route=\/wp\/v2\/posts\/1369","targetHints":{"allow":["GET"]}}],"collection":[{"href":"https:\/\/www.artisticamaniago.it\/index.php?rest_route=\/wp\/v2\/posts"}],"about":[{"href":"https:\/\/www.artisticamaniago.it\/index.php?rest_route=\/wp\/v2\/types\/post"}],"author":[{"embeddable":true,"href":"https:\/\/www.artisticamaniago.it\/index.php?rest_route=\/wp\/v2\/users\/1"}],"replies":[{"embeddable":true,"href":"https:\/\/www.artisticamaniago.it\/index.php?rest_route=%2Fwp%2Fv2%2Fcomments&post=1369"}],"version-history":[{"count":13,"href":"https:\/\/www.artisticamaniago.it\/index.php?rest_route=\/wp\/v2\/posts\/1369\/revisions"}],"predecessor-version":[{"id":1393,"href":"https:\/\/www.artisticamaniago.it\/index.php?rest_route=\/wp\/v2\/posts\/1369\/revisions\/1393"}],"wp:attachment":[{"href":"https:\/\/www.artisticamaniago.it\/index.php?rest_route=%2Fwp%2Fv2%2Fmedia&parent=1369"}],"wp:term":[{"taxonomy":"category","embeddable":true,"href":"https:\/\/www.artisticamaniago.it\/index.php?rest_route=%2Fwp%2Fv2%2Fcategories&post=1369"},{"taxonomy":"post_tag","embeddable":true,"href":"https:\/\/www.artisticamaniago.it\/index.php?rest_route=%2Fwp%2Fv2%2Ftags&post=1369"}],"curies":[{"name":"wp","href":"https:\/\/api.w.org\/{rel}","templated":true}]}}