{"id":1158,"date":"2024-09-09T12:55:12","date_gmt":"2024-09-09T12:55:12","guid":{"rendered":"https:\/\/www.artisticamaniago.it\/?p=1158"},"modified":"2024-09-09T13:14:39","modified_gmt":"2024-09-09T13:14:39","slug":"barcis-2024","status":"publish","type":"post","link":"https:\/\/www.artisticamaniago.it\/?p=1158","title":{"rendered":"BARCIS 2024"},"content":{"rendered":"\t\t<div data-elementor-type=\"wp-post\" data-elementor-id=\"1158\" class=\"elementor elementor-1158\">\n\t\t\t\t\t\t<section class=\"elementor-section elementor-top-section elementor-element elementor-element-3b7b7b8 elementor-section-boxed elementor-section-height-default elementor-section-height-default\" data-id=\"3b7b7b8\" data-element_type=\"section\" data-e-type=\"section\">\n\t\t\t\t\t\t<div class=\"elementor-container elementor-column-gap-default\">\n\t\t\t\t\t<div class=\"elementor-column elementor-col-100 elementor-top-column elementor-element elementor-element-4f541ed\" data-id=\"4f541ed\" data-element_type=\"column\" data-e-type=\"column\">\n\t\t\t<div class=\"elementor-widget-wrap elementor-element-populated\">\n\t\t\t\t\t\t<div class=\"elementor-element elementor-element-d77ce3a elementor-widget elementor-widget-image\" data-id=\"d77ce3a\" data-element_type=\"widget\" data-e-type=\"widget\" data-widget_type=\"image.default\">\n\t\t\t\t<div class=\"elementor-widget-container\">\n\t\t\t\t\t\t\t\t\t\t\t\t\t\t\t<img fetchpriority=\"high\" decoding=\"async\" width=\"724\" height=\"1024\" src=\"https:\/\/www.artisticamaniago.it\/wp-content\/uploads\/2024\/09\/BARCIS-2024_Tavola-disegno-1-724x1024.png\" class=\"attachment-large size-large wp-image-1160\" alt=\"\" srcset=\"https:\/\/www.artisticamaniago.it\/wp-content\/uploads\/2024\/09\/BARCIS-2024_Tavola-disegno-1-724x1024.png 724w, https:\/\/www.artisticamaniago.it\/wp-content\/uploads\/2024\/09\/BARCIS-2024_Tavola-disegno-1-212x300.png 212w, https:\/\/www.artisticamaniago.it\/wp-content\/uploads\/2024\/09\/BARCIS-2024_Tavola-disegno-1-768x1086.png 768w, https:\/\/www.artisticamaniago.it\/wp-content\/uploads\/2024\/09\/BARCIS-2024_Tavola-disegno-1-1086x1536.png 1086w, https:\/\/www.artisticamaniago.it\/wp-content\/uploads\/2024\/09\/BARCIS-2024_Tavola-disegno-1-1448x2048.png 1448w\" sizes=\"(max-width: 724px) 100vw, 724px\" \/>\t\t\t\t\t\t\t\t\t\t\t\t\t\t\t<\/div>\n\t\t\t\t<\/div>\n\t\t\t\t\t<\/div>\n\t\t<\/div>\n\t\t\t\t\t<\/div>\n\t\t<\/section>\n\t\t\t\t<section class=\"elementor-section elementor-top-section elementor-element elementor-element-89557d5 elementor-section-boxed elementor-section-height-default elementor-section-height-default\" data-id=\"89557d5\" data-element_type=\"section\" data-e-type=\"section\">\n\t\t\t\t\t\t<div class=\"elementor-container elementor-column-gap-default\">\n\t\t\t\t\t<div class=\"elementor-column elementor-col-100 elementor-top-column elementor-element elementor-element-df6911f\" data-id=\"df6911f\" data-element_type=\"column\" data-e-type=\"column\">\n\t\t\t<div class=\"elementor-widget-wrap elementor-element-populated\">\n\t\t\t\t\t\t<div class=\"elementor-element elementor-element-84290dd elementor-widget elementor-widget-text-editor\" data-id=\"84290dd\" data-element_type=\"widget\" data-e-type=\"widget\" data-widget_type=\"text-editor.default\">\n\t\t\t\t<div class=\"elementor-widget-container\">\n\t\t\t\t\t\t\t\t\t<h3>BARCIS, 07 settembre 2024<\/h3><p>L\u2019ARTISTICA di MANIAGO ringrazia il Comune di Barcis, il sindaco Claudio Traina, l\u2019assessore alla cultura Claudia Gasperini nonch\u00e9 Paolo Siega Vignut presidente della Pro Barcis che hanno accolto la proposta di realizzare la Rassegna d\u2018arte intitolata \u201cSTORIE DEI TEMPI ANDATI- VITE E MESTIERI IN VALCELLINA\u201d nella sala espositiva della Casa dedicata all\u2019alpinista e regista Mario Fantin, e ringrazia molto anche i 16 artisti che sono presenti con le loro opere:<\/p><p>Elisa Angioni<br \/>Patrizia Antonini<br \/>Adelia Colonnello<br \/>Deborah Ferrarini<br \/>Ivana Filippin<br \/>Emy Giacomello<br \/>Patrizia Giardina<br \/>Tiberio Giurissevich<br \/>Fulvio Moretti<br \/>Luciano Norio<br \/>Manuela Rovere<br \/>Ivana Rugo<br \/>Angela Simonut<br \/>Maria Zambon<br \/>Andrea Zorzetti<\/p><p>ed il nostro compianto Franco Tomasi (ringrazio molto la moglie Anna, per averci dato da esporre la bella opera eseguita da Franco).<\/p><p>Con l\u2019arte ritorniamo un po\u2019 al passato per dedicare, con quei sentimenti comuni, un ricordo ai tanti antichi mestieri, tipici di un mondo rurale, di un tempo non tanto lontano, che via via si sono modificati, adeguati negli anni, o del tutto scomparsi perch\u00e9 non pi\u00f9 necessari o sostituiti dalle tecnologie moderne che ne hanno sicuramente allievato le fatiche ai nostri nonni e ai nostri genitori. Mestieri che si tramandavano da padre in figlio, lavori dignitosi che contribuivano a rendere la vita quotidiana, la societ\u00e0 e l\u2019economia di quel tempo molto diversa di quella attuale, dove quelle poche cose che la gente comune possedeva non venivano buttate ma bens\u00ec riparate. Persone che facevano anche tanta strada per praticare il loro lavoro come ad esempio gli spazzacamini o altri che andavano a fare lavori in campagna o le sedonere che facevano tanta strada, scendendo, anche per impervi sentieri, a valle dalla montagna per vendere tutti i mestoli, cucchiai ed altri utensili da cucina in legno che avevano prodotto i loro mariti durante l\u2019inverno. Ambulanti come stagnini, riparatori di ombrelle ed altri che arrivavano nei vari paesi facendosi annunciare dal loro grido di richiamo: E\u2019 arrivato l\u2019arrotino ! \u00e8 arrivato \u2026.<br \/>Una mostra quindi per ricordare quelle persone che tanto avevano fatto per far vivere bene la gente dei loro tempi ma anche per raccontare ai giovani che esistevano questi mestieri e che il modo di vivere la vita era totalmente diverso, le persone avevano pi\u00f9 modo di socializzare, si conoscevano di pi\u00f9 fra loro, si trovavano ad esempio a portare il latte in latteria, univano le forze per lavorare nei campi, vivevano con pi\u00f9 legami sociali, di certo c\u2019era pi\u00f9 povert\u00e0 e pi\u00f9 fatica e forse meno servizi ma credo che le persone sapevano aiutarsi tra di loro. Tutta un\u2019altra realt\u00e0 insomma dove venivano usati anche vocaboli pertinenti a quei mestieri (tipi di lavoro, attrezzature ed altro) e che anche questi se ne sono andati via con loro.<\/p>\t\t\t\t\t\t\t\t<\/div>\n\t\t\t\t<\/div>\n\t\t\t\t\t<\/div>\n\t\t<\/div>\n\t\t\t\t\t<\/div>\n\t\t<\/section>\n\t\t\t\t<section class=\"elementor-section elementor-top-section elementor-element elementor-element-ffb9cdf elementor-section-boxed elementor-section-height-default elementor-section-height-default\" data-id=\"ffb9cdf\" data-element_type=\"section\" data-e-type=\"section\">\n\t\t\t\t\t\t<div class=\"elementor-container elementor-column-gap-default\">\n\t\t\t\t\t<div class=\"elementor-column elementor-col-100 elementor-top-column elementor-element elementor-element-5702086\" data-id=\"5702086\" data-element_type=\"column\" data-e-type=\"column\">\n\t\t\t<div class=\"elementor-widget-wrap elementor-element-populated\">\n\t\t\t\t\t\t<div class=\"elementor-element elementor-element-923dbbd elementor-widget elementor-widget-video\" data-id=\"923dbbd\" data-element_type=\"widget\" data-e-type=\"widget\" data-settings=\"{&quot;video_type&quot;:&quot;hosted&quot;,&quot;controls&quot;:&quot;yes&quot;}\" data-widget_type=\"video.default\">\n\t\t\t\t<div class=\"elementor-widget-container\">\n\t\t\t\t\t\t\t<div class=\"e-hosted-video elementor-wrapper elementor-open-inline\">\n\t\t\t\t\t<video class=\"elementor-video\" src=\"https:\/\/www.artisticamaniago.it\/wp-content\/uploads\/2024\/09\/VID-20240908-WA0000.mp4\" controls=\"\" preload=\"metadata\" controlsList=\"nodownload\"><\/video>\n\t\t\t\t<\/div>\n\t\t\t\t\t\t<\/div>\n\t\t\t\t<\/div>\n\t\t\t\t\t<\/div>\n\t\t<\/div>\n\t\t\t\t\t<\/div>\n\t\t<\/section>\n\t\t\t\t<\/div>\n\t\t","protected":false},"excerpt":{"rendered":"<p>BARCIS, 07 settembre 2024 L\u2019ARTISTICA di MANIAGO ringrazia il Comune di Barcis, il sindaco Claudio Traina, l\u2019assessore alla cultura Claudia Gasperini nonch\u00e9 Paolo Siega Vignut presidente della Pro Barcis che hanno accolto la proposta di realizzare la Rassegna d\u2018arte intitolata \u201cSTORIE DEI TEMPI ANDATI- VITE E MESTIERI IN VALCELLINA\u201d nella sala espositiva della Casa dedicata [&hellip;]<\/p>\n","protected":false},"author":1,"featured_media":0,"comment_status":"closed","ping_status":"open","sticky":false,"template":"","format":"standard","meta":{"_coblocks_attr":"","_coblocks_dimensions":"","_coblocks_responsive_height":"","_coblocks_accordion_ie_support":"","site-sidebar-layout":"default","site-content-layout":"","ast-site-content-layout":"default","site-content-style":"default","site-sidebar-style":"default","ast-global-header-display":"","ast-banner-title-visibility":"","ast-main-header-display":"","ast-hfb-above-header-display":"","ast-hfb-below-header-display":"","ast-hfb-mobile-header-display":"","site-post-title":"","ast-breadcrumbs-content":"","ast-featured-img":"","footer-sml-layout":"","ast-disable-related-posts":"","theme-transparent-header-meta":"","adv-header-id-meta":"","stick-header-meta":"","header-above-stick-meta":"","header-main-stick-meta":"","header-below-stick-meta":"","astra-migrate-meta-layouts":"set","ast-page-background-enabled":"default","ast-page-background-meta":{"desktop":{"background-color":"","background-image":"","background-repeat":"repeat","background-position":"center center","background-size":"auto","background-attachment":"scroll","background-type":"","background-media":"","overlay-type":"","overlay-color":"","overlay-opacity":"","overlay-gradient":""},"tablet":{"background-color":"","background-image":"","background-repeat":"repeat","background-position":"center center","background-size":"auto","background-attachment":"scroll","background-type":"","background-media":"","overlay-type":"","overlay-color":"","overlay-opacity":"","overlay-gradient":""},"mobile":{"background-color":"","background-image":"","background-repeat":"repeat","background-position":"center center","background-size":"auto","background-attachment":"scroll","background-type":"","background-media":"","overlay-type":"","overlay-color":"","overlay-opacity":"","overlay-gradient":""}},"ast-content-background-meta":{"desktop":{"background-color":"var(--ast-global-color-5)","background-image":"","background-repeat":"repeat","background-position":"center center","background-size":"auto","background-attachment":"scroll","background-type":"","background-media":"","overlay-type":"","overlay-color":"","overlay-opacity":"","overlay-gradient":""},"tablet":{"background-color":"var(--ast-global-color-5)","background-image":"","background-repeat":"repeat","background-position":"center center","background-size":"auto","background-attachment":"scroll","background-type":"","background-media":"","overlay-type":"","overlay-color":"","overlay-opacity":"","overlay-gradient":""},"mobile":{"background-color":"var(--ast-global-color-5)","background-image":"","background-repeat":"repeat","background-position":"center center","background-size":"auto","background-attachment":"scroll","background-type":"","background-media":"","overlay-type":"","overlay-color":"","overlay-opacity":"","overlay-gradient":""}},"footnotes":""},"categories":[9],"tags":[],"class_list":["post-1158","post","type-post","status-publish","format-standard","hentry","category-news"],"_links":{"self":[{"href":"https:\/\/www.artisticamaniago.it\/index.php?rest_route=\/wp\/v2\/posts\/1158","targetHints":{"allow":["GET"]}}],"collection":[{"href":"https:\/\/www.artisticamaniago.it\/index.php?rest_route=\/wp\/v2\/posts"}],"about":[{"href":"https:\/\/www.artisticamaniago.it\/index.php?rest_route=\/wp\/v2\/types\/post"}],"author":[{"embeddable":true,"href":"https:\/\/www.artisticamaniago.it\/index.php?rest_route=\/wp\/v2\/users\/1"}],"replies":[{"embeddable":true,"href":"https:\/\/www.artisticamaniago.it\/index.php?rest_route=%2Fwp%2Fv2%2Fcomments&post=1158"}],"version-history":[{"count":10,"href":"https:\/\/www.artisticamaniago.it\/index.php?rest_route=\/wp\/v2\/posts\/1158\/revisions"}],"predecessor-version":[{"id":1173,"href":"https:\/\/www.artisticamaniago.it\/index.php?rest_route=\/wp\/v2\/posts\/1158\/revisions\/1173"}],"wp:attachment":[{"href":"https:\/\/www.artisticamaniago.it\/index.php?rest_route=%2Fwp%2Fv2%2Fmedia&parent=1158"}],"wp:term":[{"taxonomy":"category","embeddable":true,"href":"https:\/\/www.artisticamaniago.it\/index.php?rest_route=%2Fwp%2Fv2%2Fcategories&post=1158"},{"taxonomy":"post_tag","embeddable":true,"href":"https:\/\/www.artisticamaniago.it\/index.php?rest_route=%2Fwp%2Fv2%2Ftags&post=1158"}],"curies":[{"name":"wp","href":"https:\/\/api.w.org\/{rel}","templated":true}]}}