{"id":1069,"date":"2023-07-10T20:06:49","date_gmt":"2023-07-10T20:06:49","guid":{"rendered":"https:\/\/www.artisticamaniago.it\/?p=1069"},"modified":"2024-09-11T11:55:46","modified_gmt":"2024-09-11T11:55:46","slug":"rassegna-darte-naif-203","status":"publish","type":"post","link":"https:\/\/www.artisticamaniago.it\/?p=1069","title":{"rendered":"RASSEGNA D&#8217;ARTE NA\u00cfF 2023"},"content":{"rendered":"\t\t<div data-elementor-type=\"wp-post\" data-elementor-id=\"1069\" class=\"elementor elementor-1069\">\n\t\t\t\t\t\t<section class=\"elementor-section elementor-top-section elementor-element elementor-element-5470145 elementor-section-boxed elementor-section-height-default elementor-section-height-default\" data-id=\"5470145\" data-element_type=\"section\" data-e-type=\"section\">\n\t\t\t\t\t\t<div class=\"elementor-container elementor-column-gap-default\">\n\t\t\t\t\t<div class=\"elementor-column elementor-col-100 elementor-top-column elementor-element elementor-element-3c26ab9\" data-id=\"3c26ab9\" data-element_type=\"column\" data-e-type=\"column\">\n\t\t\t<div class=\"elementor-widget-wrap elementor-element-populated\">\n\t\t\t\t\t\t<div class=\"elementor-element elementor-element-b7c48f3 elementor-widget elementor-widget-image\" data-id=\"b7c48f3\" data-element_type=\"widget\" data-e-type=\"widget\" data-widget_type=\"image.default\">\n\t\t\t\t<div class=\"elementor-widget-container\">\n\t\t\t\t\t\t\t\t\t\t\t\t\t\t\t<img decoding=\"async\" src=\"https:\/\/www.artisticamaniago.it\/wp-content\/uploads\/2023\/07\/RASSEGNA-NAIF-2023-R.pdf\" title=\"\" alt=\"\" loading=\"lazy\" \/>\t\t\t\t\t\t\t\t\t\t\t\t\t\t\t<\/div>\n\t\t\t\t<\/div>\n\t\t\t\t<div class=\"elementor-element elementor-element-a7e03d6 elementor-widget elementor-widget-image\" data-id=\"a7e03d6\" data-element_type=\"widget\" data-e-type=\"widget\" data-widget_type=\"image.default\">\n\t\t\t\t<div class=\"elementor-widget-container\">\n\t\t\t\t\t\t\t\t\t\t\t\t\t\t\t<img fetchpriority=\"high\" decoding=\"async\" width=\"550\" height=\"773\" src=\"https:\/\/www.artisticamaniago.it\/wp-content\/uploads\/2023\/07\/naive.jpg\" class=\"attachment-large size-large wp-image-1077\" alt=\"\" srcset=\"https:\/\/www.artisticamaniago.it\/wp-content\/uploads\/2023\/07\/naive.jpg 550w, https:\/\/www.artisticamaniago.it\/wp-content\/uploads\/2023\/07\/naive-213x300.jpg 213w\" sizes=\"(max-width: 550px) 100vw, 550px\" \/>\t\t\t\t\t\t\t\t\t\t\t\t\t\t\t<\/div>\n\t\t\t\t<\/div>\n\t\t\t\t\t<\/div>\n\t\t<\/div>\n\t\t\t\t\t<\/div>\n\t\t<\/section>\n\t\t\t\t<section class=\"elementor-section elementor-top-section elementor-element elementor-element-e6f64fd elementor-section-boxed elementor-section-height-default elementor-section-height-default\" data-id=\"e6f64fd\" data-element_type=\"section\" data-e-type=\"section\">\n\t\t\t\t\t\t<div class=\"elementor-container elementor-column-gap-default\">\n\t\t\t\t\t<div class=\"elementor-column elementor-col-100 elementor-top-column elementor-element elementor-element-297d690\" data-id=\"297d690\" data-element_type=\"column\" data-e-type=\"column\">\n\t\t\t<div class=\"elementor-widget-wrap elementor-element-populated\">\n\t\t\t\t\t\t<div class=\"elementor-element elementor-element-a6bc10a elementor-widget elementor-widget-text-editor\" data-id=\"a6bc10a\" data-element_type=\"widget\" data-e-type=\"widget\" data-widget_type=\"text-editor.default\">\n\t\t\t\t<div class=\"elementor-widget-container\">\n\t\t\t\t\t\t\t\t\t<p>L&#8217; Associazione &#8220;L&#8217; Artistica&#8221; di Maniago \u00e8 felice di presentare la rassegna &#8220;Maniago Sogna d&#8217;Estate&#8221;: l&#8217;occasione \u00e8 unica per ammirare alcune opere d&#8217;arte Na<span class=\"ILfuVd\" lang=\"en\"><span class=\"hgKElc\">\u00ef<\/span><\/span>f della tradizione croata. La vivace semplicit\u00e0 dei soggetti, i colori brillanti e la maestria degli artisti trasporteranno gli osservatori in un mondo etereo e magico, ma legato allo stesso tempo alla concreta realt\u00e0 della vita di campagna, ben conosciuta sul nostro territorio.<\/p><p>L&#8217; evento \u00e8 realizzato con il patrocinio del Comune di Maniago &#8211; Citt\u00e0 delle Coltellerie. Un ringraziamento particolare a Miriam e Massimo Di Bon.<\/p><p>Vi aspettiamo venerd\u00ec 14 luglio 2023 alle ore 18:00 per l&#8217;inaugurazione, che si terr\u00e0 presso le Vecchie Scuderie di Palazzo D&#8217;Attimis, in via Umberto I, n. 4 a Maniago.<\/p><p>\u00a0<\/p><p>\u00a0<\/p>\t\t\t\t\t\t\t\t<\/div>\n\t\t\t\t<\/div>\n\t\t\t\t\t<\/div>\n\t\t<\/div>\n\t\t\t\t\t<\/div>\n\t\t<\/section>\n\t\t\t\t<\/div>\n\t\t","protected":false},"excerpt":{"rendered":"<p>L&#8217; Associazione &#8220;L&#8217; Artistica&#8221; di Maniago \u00e8 felice di presentare la rassegna &#8220;Maniago Sogna d&#8217;Estate&#8221;: l&#8217;occasione \u00e8 unica per ammirare alcune opere d&#8217;arte Na\u00eff della tradizione croata. La vivace semplicit\u00e0 dei soggetti, i colori brillanti e la maestria degli artisti trasporteranno gli osservatori in un mondo etereo e magico, ma legato allo stesso tempo alla [&hellip;]<\/p>\n","protected":false},"author":1,"featured_media":0,"comment_status":"closed","ping_status":"closed","sticky":false,"template":"","format":"standard","meta":{"_coblocks_attr":"","_coblocks_dimensions":"","_coblocks_responsive_height":"","_coblocks_accordion_ie_support":"","site-sidebar-layout":"default","site-content-layout":"","ast-site-content-layout":"default","site-content-style":"default","site-sidebar-style":"default","ast-global-header-display":"","ast-banner-title-visibility":"","ast-main-header-display":"","ast-hfb-above-header-display":"","ast-hfb-below-header-display":"","ast-hfb-mobile-header-display":"","site-post-title":"","ast-breadcrumbs-content":"","ast-featured-img":"","footer-sml-layout":"","ast-disable-related-posts":"","theme-transparent-header-meta":"","adv-header-id-meta":"","stick-header-meta":"","header-above-stick-meta":"","header-main-stick-meta":"","header-below-stick-meta":"","astra-migrate-meta-layouts":"set","ast-page-background-enabled":"default","ast-page-background-meta":{"desktop":{"background-color":"","background-image":"","background-repeat":"repeat","background-position":"center center","background-size":"auto","background-attachment":"scroll","background-type":"","background-media":"","overlay-type":"","overlay-color":"","overlay-opacity":"","overlay-gradient":""},"tablet":{"background-color":"","background-image":"","background-repeat":"repeat","background-position":"center center","background-size":"auto","background-attachment":"scroll","background-type":"","background-media":"","overlay-type":"","overlay-color":"","overlay-opacity":"","overlay-gradient":""},"mobile":{"background-color":"","background-image":"","background-repeat":"repeat","background-position":"center center","background-size":"auto","background-attachment":"scroll","background-type":"","background-media":"","overlay-type":"","overlay-color":"","overlay-opacity":"","overlay-gradient":""}},"ast-content-background-meta":{"desktop":{"background-color":"var(--ast-global-color-5)","background-image":"","background-repeat":"repeat","background-position":"center center","background-size":"auto","background-attachment":"scroll","background-type":"","background-media":"","overlay-type":"","overlay-color":"","overlay-opacity":"","overlay-gradient":""},"tablet":{"background-color":"var(--ast-global-color-5)","background-image":"","background-repeat":"repeat","background-position":"center center","background-size":"auto","background-attachment":"scroll","background-type":"","background-media":"","overlay-type":"","overlay-color":"","overlay-opacity":"","overlay-gradient":""},"mobile":{"background-color":"var(--ast-global-color-5)","background-image":"","background-repeat":"repeat","background-position":"center center","background-size":"auto","background-attachment":"scroll","background-type":"","background-media":"","overlay-type":"","overlay-color":"","overlay-opacity":"","overlay-gradient":""}},"footnotes":""},"categories":[9],"tags":[],"class_list":["post-1069","post","type-post","status-publish","format-standard","hentry","category-news"],"_links":{"self":[{"href":"https:\/\/www.artisticamaniago.it\/index.php?rest_route=\/wp\/v2\/posts\/1069","targetHints":{"allow":["GET"]}}],"collection":[{"href":"https:\/\/www.artisticamaniago.it\/index.php?rest_route=\/wp\/v2\/posts"}],"about":[{"href":"https:\/\/www.artisticamaniago.it\/index.php?rest_route=\/wp\/v2\/types\/post"}],"author":[{"embeddable":true,"href":"https:\/\/www.artisticamaniago.it\/index.php?rest_route=\/wp\/v2\/users\/1"}],"replies":[{"embeddable":true,"href":"https:\/\/www.artisticamaniago.it\/index.php?rest_route=%2Fwp%2Fv2%2Fcomments&post=1069"}],"version-history":[{"count":8,"href":"https:\/\/www.artisticamaniago.it\/index.php?rest_route=\/wp\/v2\/posts\/1069\/revisions"}],"predecessor-version":[{"id":1217,"href":"https:\/\/www.artisticamaniago.it\/index.php?rest_route=\/wp\/v2\/posts\/1069\/revisions\/1217"}],"wp:attachment":[{"href":"https:\/\/www.artisticamaniago.it\/index.php?rest_route=%2Fwp%2Fv2%2Fmedia&parent=1069"}],"wp:term":[{"taxonomy":"category","embeddable":true,"href":"https:\/\/www.artisticamaniago.it\/index.php?rest_route=%2Fwp%2Fv2%2Fcategories&post=1069"},{"taxonomy":"post_tag","embeddable":true,"href":"https:\/\/www.artisticamaniago.it\/index.php?rest_route=%2Fwp%2Fv2%2Ftags&post=1069"}],"curies":[{"name":"wp","href":"https:\/\/api.w.org\/{rel}","templated":true}]}}